{"id":437,"date":"2025-03-16T13:41:04","date_gmt":"2025-03-16T12:41:04","guid":{"rendered":"https:\/\/pepamerlo.es\/?p=437"},"modified":"2025-03-16T13:48:24","modified_gmt":"2025-03-16T12:48:24","slug":"si-el-tiempo-es-otro","status":"publish","type":"post","link":"https:\/\/pepamerlo.es\/?p=437","title":{"rendered":"Si el tiempo es otro"},"content":{"rendered":"\n<figure class=\"wp-block-image size-full\"><img loading=\"lazy\" decoding=\"async\" width=\"553\" height=\"491\" src=\"https:\/\/pepamerlo.es\/wp-content\/uploads\/2025\/03\/cioran_articulo.jpg\" alt=\"\" class=\"wp-image-438\" srcset=\"https:\/\/pepamerlo.es\/wp-content\/uploads\/2025\/03\/cioran_articulo.jpg 553w, https:\/\/pepamerlo.es\/wp-content\/uploads\/2025\/03\/cioran_articulo-300x266.jpg 300w\" sizes=\"auto, (max-width: 553px) 100vw, 553px\" \/><\/figure>\n\n\n\n<div class=\"wp-block-group alignwide is-vertical is-content-justification-right is-layout-flex wp-container-core-group-is-layout-c0d519fa wp-block-group-is-layout-flex\">\n<p class=\"has-text-align-right has-small-font-size\"><em>Malos tiempos para la l\u00edrica<\/em><\/p>\n\n\n\n<p class=\"has-text-align-right has-small-font-size\">Bertolt Brecht<\/p>\n\n\n\n<p><\/p>\n<\/div>\n\n\n\n<p>Avanza lenta. Sin prisa, pero sin pausa. Tan lenta a veces que parece detenida, pero es un espejismo, un efecto \u00f3ptico, porque est\u00e1 avanzando y se traga la luz y deja sobre las cabezas el peso del plomo y su gris oscuro. Viene de lejos, asoma rotunda por el horizonte, copando la anchura del espacio, borrando el azul.<\/p>\n\n\n\n<p>La espesa niebla ocult\u00f3 entonces, en otro tiempo, toda raz\u00f3n. El humo de las hogueras, el olor a papel quemado, a tinta volatilizada, a palabra perdida para siempre, cubre el mismo aire hoy de aquel otro que se asemeja enga\u00f1osamente distinto, cuando las piedras impactaban contra el maestro en la escuela y era el ni\u00f1o movido por sus padres quien las arrojaba con sa\u00f1a. Parece que la l\u00ednea horizontal del tiempo se revolviera contra s\u00ed misma, como la serpiente que en un acto de constricci\u00f3n estrangula a su presa, para someterla primero y asesinarla despu\u00e9s. Un retorno en el que hemos muerto incontables veces asesinados con la ferocidad y la iniquidad de la alima\u00f1a, porque cualquier especie resulta m\u00e1s compasiva que el ser humano.<\/p>\n\n\n\n<p>Avanza lenta. Es la Historia. Se instala un tiempo viejo que no hemos detenido a pesar de haber visto c\u00f3mo se iba posicionando sobre nuestras cabezas. \u00abPorque el tiempo es la sombra de la eternidad\u00bb, advirti\u00f3 Plat\u00f3n, caminamos condenados a vivir una y otra vez lo peor de nosotros mismos, de nosotras mismas, condenados a la sombra, por haber despreciado, infamado, mancillado, vilipendiado, deshonrado, ultrajado la Historia, por haberla borrado deliberadamente. Los dientes finos y afilados de las terribles bocas de los endriagos aguardan nerviosos, jadeantes y hambrientos para salir de la oscuridad de la caverna y devorarnos. Luego, cuando nada quede, nos preguntaremos, como lo hicimos en aquel otro tiempo, en todos los tiempos repetidos, en qu\u00e9 momento, de qu\u00e9 manera, por qu\u00e9 fue que abrimos compuertas para que saciaran el ansia con nuestra carne.<\/p>\n\n\n\n<blockquote class=\"wp-block-quote is-layout-flow wp-block-quote-is-layout-flow\">\n<p><em>Todo fue hermoso en aquella tarde \u00fanica, ma soeur,<\/em><\/p>\n\n\n\n<p><em>y nunca m\u00e1s despu\u00e9s<\/em><\/p>\n\n\n\n<p><em>claro que s\u00f3lo me quedaban ya los grandes p\u00e1jaros<\/em><\/p>\n\n\n\n<p><em>que al atardecer tienen hambre en el cielo oscuro.<\/em><\/p>\n\n\n\n<p>B. Brecht.<\/p>\n<\/blockquote>\n\n\n\n<p><\/p>\n\n\n\n<div class=\"wp-block-group is-vertical is-layout-flex wp-container-core-group-is-layout-fe9cc265 wp-block-group-is-layout-flex\">\n<div class=\"wp-block-group is-vertical is-layout-flex wp-container-core-group-is-layout-fe9cc265 wp-block-group-is-layout-flex\">\n<div class=\"wp-block-group is-layout-constrained wp-block-group-is-layout-constrained\"><\/div>\n<\/div>\n<\/div>\n","protected":false},"excerpt":{"rendered":"<p>Malos tiempos para la l\u00edrica Bertolt Brecht Avanza lenta. Sin prisa, pero sin pausa. Tan lenta a veces que parece detenida, pero es un espejismo, un efecto \u00f3ptico, porque est\u00e1 avanzando y se traga la luz y deja sobre las cabezas el peso del plomo y su gris oscuro. Viene de lejos, asoma rotunda por [&hellip;]<\/p>\n","protected":false},"author":2,"featured_media":0,"comment_status":"open","ping_status":"closed","sticky":false,"template":"","format":"standard","meta":{"footnotes":""},"categories":[1],"tags":[],"class_list":["post-437","post","type-post","status-publish","format-standard","hentry","category-blog"],"aioseo_notices":[],"_links":{"self":[{"href":"https:\/\/pepamerlo.es\/index.php?rest_route=\/wp\/v2\/posts\/437","targetHints":{"allow":["GET"]}}],"collection":[{"href":"https:\/\/pepamerlo.es\/index.php?rest_route=\/wp\/v2\/posts"}],"about":[{"href":"https:\/\/pepamerlo.es\/index.php?rest_route=\/wp\/v2\/types\/post"}],"author":[{"embeddable":true,"href":"https:\/\/pepamerlo.es\/index.php?rest_route=\/wp\/v2\/users\/2"}],"replies":[{"embeddable":true,"href":"https:\/\/pepamerlo.es\/index.php?rest_route=%2Fwp%2Fv2%2Fcomments&post=437"}],"version-history":[{"count":8,"href":"https:\/\/pepamerlo.es\/index.php?rest_route=\/wp\/v2\/posts\/437\/revisions"}],"predecessor-version":[{"id":446,"href":"https:\/\/pepamerlo.es\/index.php?rest_route=\/wp\/v2\/posts\/437\/revisions\/446"}],"wp:attachment":[{"href":"https:\/\/pepamerlo.es\/index.php?rest_route=%2Fwp%2Fv2%2Fmedia&parent=437"}],"wp:term":[{"taxonomy":"category","embeddable":true,"href":"https:\/\/pepamerlo.es\/index.php?rest_route=%2Fwp%2Fv2%2Fcategories&post=437"},{"taxonomy":"post_tag","embeddable":true,"href":"https:\/\/pepamerlo.es\/index.php?rest_route=%2Fwp%2Fv2%2Ftags&post=437"}],"curies":[{"name":"wp","href":"https:\/\/api.w.org\/{rel}","templated":true}]}}